{"id":1318,"date":"2026-09-01T06:00:48","date_gmt":"2026-09-01T05:00:48","guid":{"rendered":"https:\/\/donegaletb.ie\/blog\/?p=1318"},"modified":"2026-09-01T10:34:40","modified_gmt":"2026-09-01T09:34:40","slug":"twenty-years-of-chamber-music-in-co-donegal","status":"publish","type":"post","link":"https:\/\/donegaletb.ie\/blog\/2026\/09\/01\/twenty-years-of-chamber-music-in-co-donegal\/","title":{"rendered":"Twenty Years of Chamber Music in Co Donegal"},"content":{"rendered":"<p><em><img decoding=\"async\" loading=\"lazy\" class=\"size-medium wp-image-1320 alignright\" src=\"https:\/\/donegaletb.ie\/blog\/wp-content\/uploads\/2026\/07\/Victor-Yelamo-Cello-300x256.jpg\" alt=\"Person playing the cello.\" width=\"300\" height=\"256\" srcset=\"https:\/\/donegaletb.ie\/blog\/wp-content\/uploads\/2026\/07\/Victor-Yelamo-Cello-300x256.jpg 300w, https:\/\/donegaletb.ie\/blog\/wp-content\/uploads\/2026\/07\/Victor-Yelamo-Cello.jpg 754w\" sizes=\"(max-width: 300px) 100vw, 300px\" \/>One of the many initiatives managed by our music service, Donegal Music Education Partnership, is a number of ensemble groups, one of which is the Donegal Chamber Orchestra. This year it celebrates its twentieth anniversary. How and why was it set up and what does it do? In this month&#8217;s blog, Artistic Director, V\u00edctor Y\u00e9lamo, tells us more about it. <\/em><\/p>\n<p>The Donegal Chamber Orchestra (DCO), based at the Regional Cultural Centre, features classical string players from across the county, and is dedicated to helping students, amateur and semi-professional musicians to achieve the highest level of excellence in performance. The Orchestra is led by the husband-and-wife duo of Hungarian violinist Orsolya Szab\u00f3-Y\u00e9lamo and Spanish cellist V\u00edctor Y\u00e9lamo, both accomplished professional players.<\/p>\n<figure id=\"attachment_1329\" aria-describedby=\"caption-attachment-1329\" style=\"width: 300px\" class=\"wp-caption alignleft\"><img decoding=\"async\" loading=\"lazy\" class=\"size-medium wp-image-1329\" src=\"https:\/\/donegaletb.ie\/blog\/wp-content\/uploads\/2026\/07\/JOHN-SOFFE-7207-300x219.jpg\" alt=\"Chamber Orchestra playing music.\" width=\"300\" height=\"219\" srcset=\"https:\/\/donegaletb.ie\/blog\/wp-content\/uploads\/2026\/07\/JOHN-SOFFE-7207-300x219.jpg 300w, https:\/\/donegaletb.ie\/blog\/wp-content\/uploads\/2026\/07\/JOHN-SOFFE-7207-768x561.jpg 768w, https:\/\/donegaletb.ie\/blog\/wp-content\/uploads\/2026\/07\/JOHN-SOFFE-7207.jpg 940w\" sizes=\"(max-width: 300px) 100vw, 300px\" \/><figcaption id=\"caption-attachment-1329\" class=\"wp-caption-text\"><em>Donegal Chamber Orchestra.*<\/em><\/figcaption><\/figure>\n<p><strong>How it all started<\/strong><\/p>\n<p>In September 2005, Orsolya took up the full-time position of Violin Resource Tutor with Donegal ETB\/DMEP.\u00a0 With the aim of developing the level of the students learning classical strings, she started to teach ensembles regularly, from there the idea of starting a Chamber Orchestra emerged. The creation of the group was the culmination of a three-week course in the Abbey Vocational School, in June 2006. The closing concert marked the first public appearance of the ensemble.<\/p>\n<p><img decoding=\"async\" loading=\"lazy\" class=\"size-medium wp-image-1326 alignright\" src=\"https:\/\/donegaletb.ie\/blog\/wp-content\/uploads\/2026\/07\/Posing-mussenden-2019-211x300.jpg\" alt=\"Group pictured outside Mussenden Temple.\" width=\"211\" height=\"300\" srcset=\"https:\/\/donegaletb.ie\/blog\/wp-content\/uploads\/2026\/07\/Posing-mussenden-2019-211x300.jpg 211w, https:\/\/donegaletb.ie\/blog\/wp-content\/uploads\/2026\/07\/Posing-mussenden-2019-722x1024.jpg 722w, https:\/\/donegaletb.ie\/blog\/wp-content\/uploads\/2026\/07\/Posing-mussenden-2019-768x1090.jpg 768w, https:\/\/donegaletb.ie\/blog\/wp-content\/uploads\/2026\/07\/Posing-mussenden-2019-1082x1536.jpg 1082w, https:\/\/donegaletb.ie\/blog\/wp-content\/uploads\/2026\/07\/Posing-mussenden-2019-1443x2048.jpg 1443w, https:\/\/donegaletb.ie\/blog\/wp-content\/uploads\/2026\/07\/Posing-mussenden-2019-scaled.jpg 1804w\" sizes=\"(max-width: 211px) 100vw, 211px\" \/>The Orchestra practices weekly on Saturdays and prepares five different programmes yearly, with music from contrasting periods and styles. We are a small group of musicians that gives us the flexibility to play in a variety of venues, and have performed in places like Mussenden Temple, Glenveagh Castle, RDS Dublin, Donegal Castle and Conwal Parish Church, our main concert venue in Letterkenny.<\/p>\n<p>To mark the beginning of our 20th Anniversary celebrations, we went back to Donegal Town, on Saturday June 27, to play in the historical<img decoding=\"async\" loading=\"lazy\" class=\"size-medium wp-image-1321 alignleft\" src=\"https:\/\/donegaletb.ie\/blog\/wp-content\/uploads\/2026\/07\/Poster-June-27-212x300.jpg\" alt=\"Poster about a music concert\" width=\"212\" height=\"300\" srcset=\"https:\/\/donegaletb.ie\/blog\/wp-content\/uploads\/2026\/07\/Poster-June-27-212x300.jpg 212w, https:\/\/donegaletb.ie\/blog\/wp-content\/uploads\/2026\/07\/Poster-June-27-724x1024.jpg 724w, https:\/\/donegaletb.ie\/blog\/wp-content\/uploads\/2026\/07\/Poster-June-27-768x1086.jpg 768w, https:\/\/donegaletb.ie\/blog\/wp-content\/uploads\/2026\/07\/Poster-June-27-1086x1536.jpg 1086w, https:\/\/donegaletb.ie\/blog\/wp-content\/uploads\/2026\/07\/Poster-June-27-1448x2048.jpg 1448w, https:\/\/donegaletb.ie\/blog\/wp-content\/uploads\/2026\/07\/Poster-June-27-scaled.jpg 1810w\" sizes=\"(max-width: 212px) 100vw, 212px\" \/> Church of Ireland. This programme focused on the music of Britten, who died 50 years ago, plus pieces by Purcell, Marcello, Bach and Mozart.<\/p>\n<p><strong>Highlights from the last twenty years<\/strong><\/p>\n<p>Some highlights of these years have been our Italian trip in 2009, the world premiere of works specially written for us and the ongoing collaboration with local artists and choirs.<\/p>\n<p>Our tenth anniversary concert was a very special event, when we were joined on stage by two of the main persons behind our music service: Sister Concepta Murphy and Donegal ETB Director of Schools Dr Martin Gormley, both key figures in the development of DMEP.<\/p>\n<p>In 2019, we played a memorable concert in the Regional Cultural Centre with the legendary flamenco guitarist Juan Mart\u00edn. In recent years we had very successful concerts as part of the Sound Festival at An Grian\u00e1n Theatre.<\/p>\n<p>As part of the orchestra&#8217;s anniversary celebrations, <a href=\"https:\/\/angrianan.com\/event\/donegal-chamber-orchestra-2026\/\" target=\"_blank\" rel=\"noopener\">a gala concert will take place at An Grian\u00e1n Theatre<\/a> on Sunday, October 25, and we will perform Vivaldi\u2019s Gloria at St Eunan&#8217;s Cathedral, on November 28, with The Conwal Singers.<\/p>\n<p><strong>Thanks<\/strong><\/p>\n<p>We are extremely thankful to everyone who has been part of the Orchestra\u2019s journey, supporting us over the years &#8211; performers, families, parents (especially Naomi and Brian Fleury, who have been kindly looking after the promotion materials of the group, as well as running <a href=\"http:\/\/www.donegalstrings.com\" target=\"_blank\" rel=\"noopener\">www.donegalstrings.com<\/a>), managers and Dr Martin Gormley, who established the <a href=\"http:\/\/dmep.ie\/\" target=\"_blank\" rel=\"noopener\">Donegal Music Education Partnership<\/a> as we know it today.<\/p>\n<p>&#8211;<\/p>\n<p><em>If you are aged thirteen years+ and would like to join the Donegal Chamber Orchestra, auditions are open to string players who are prepared to commit to the Orchestra\u2019s rehearsal and concert schedule. You should contact DMEP by emailing <a href=\"mailto:musiceducation@donegaletb.ie\" target=\"_blank\" rel=\"noopener\">musiceducation@donegaletb.ie<\/a>.\u00a0 There are opportunities for violins, violas, cellos (Grade 5 RIAM or equivalent and above) and double bass (Grade 3 RIAM or equivalent and above).<\/em><\/p>\n<p>&#8211;<\/p>\n<p><em>* Image credit: John Soffe\u00a0<\/em><\/p>\n<p>&nbsp;<\/p>\n","protected":false},"excerpt":{"rendered":"<p>One of the many initiatives managed by our music service, Donegal Music Education Partnership, is a number of ensemble groups, one of which is the Donegal Chamber Orchestra. This year it celebrates its twentieth anniversary. How and why was it set up and what does it do? In this month&#8217;s blog, Artistic Director, V\u00edctor Y\u00e9lamo, [&hellip;]<\/p>\n","protected":false},"author":2,"featured_media":1320,"comment_status":"closed","ping_status":"closed","sticky":false,"template":"","format":"standard","meta":[],"categories":[12],"tags":[],"blocksy_meta":[],"_links":{"self":[{"href":"https:\/\/donegaletb.ie\/blog\/wp-json\/wp\/v2\/posts\/1318"}],"collection":[{"href":"https:\/\/donegaletb.ie\/blog\/wp-json\/wp\/v2\/posts"}],"about":[{"href":"https:\/\/donegaletb.ie\/blog\/wp-json\/wp\/v2\/types\/post"}],"author":[{"embeddable":true,"href":"https:\/\/donegaletb.ie\/blog\/wp-json\/wp\/v2\/users\/2"}],"replies":[{"embeddable":true,"href":"https:\/\/donegaletb.ie\/blog\/wp-json\/wp\/v2\/comments?post=1318"}],"version-history":[{"count":10,"href":"https:\/\/donegaletb.ie\/blog\/wp-json\/wp\/v2\/posts\/1318\/revisions"}],"predecessor-version":[{"id":1352,"href":"https:\/\/donegaletb.ie\/blog\/wp-json\/wp\/v2\/posts\/1318\/revisions\/1352"}],"wp:featuredmedia":[{"embeddable":true,"href":"https:\/\/donegaletb.ie\/blog\/wp-json\/wp\/v2\/media\/1320"}],"wp:attachment":[{"href":"https:\/\/donegaletb.ie\/blog\/wp-json\/wp\/v2\/media?parent=1318"}],"wp:term":[{"taxonomy":"category","embeddable":true,"href":"https:\/\/donegaletb.ie\/blog\/wp-json\/wp\/v2\/categories?post=1318"},{"taxonomy":"post_tag","embeddable":true,"href":"https:\/\/donegaletb.ie\/blog\/wp-json\/wp\/v2\/tags?post=1318"}],"curies":[{"name":"wp","href":"https:\/\/api.w.org\/{rel}","templated":true}]}}